{"id":15,"date":"2024-03-04T11:11:01","date_gmt":"2024-03-04T10:11:01","guid":{"rendered":"http:\/\/socio-estheticienne35.com\/?p=15"},"modified":"2024-05-21T21:33:51","modified_gmt":"2024-05-21T19:33:51","slug":"qui-suis-je","status":"publish","type":"post","link":"http:\/\/socio-estheticienne35.com\/index.php\/2024\/03\/04\/qui-suis-je\/","title":{"rendered":"Qui suis-je ?"},"content":{"rendered":"\n<p class=\"has-small-font-size\"><strong><span class=\"has-inline-color has-vivid-purple-color\">Socio-esth\u00e9ticienne<\/span><\/strong>  j&rsquo;exerce sur Rennes (35) et les alentours<\/p>\n\n\n\n<p class=\"has-small-font-size\"><strong><span class=\"has-inline-color has-vivid-purple-color\">Socio-esth\u00e9ticienne<\/span><\/strong> ponctuellement pour la PROXILIGUE (35), la ligue contre le cancer &#8211; depuis fin 2022<\/p>\n\n\n\n<p class=\"has-small-font-size\"><strong><span class=\"has-inline-color has-vivid-purple-color\">Socio-esth\u00e9ticienne<\/span><\/strong> \u00e0 mi-temps \u00e0 l&rsquo;h\u00f4pital Priv\u00e9 S\u00e9vign\u00e9 (35), en m\u00e9decine, h\u00e9matologie, oncologie et soins palliatifs &#8211; depuis janvier 2014 <\/p>\n\n\n\n<p class=\"has-small-font-size\"><strong><span class=\"has-inline-color has-vivid-purple-color\">Socio-esth\u00e9ticienne<\/span><\/strong> 2 jours par semaine \u00e0 l&rsquo;h\u00f4pital St Laurent (35), en pneumologie, LIPS et unit\u00e9 de soins palliatifs &#8211; depuis mai 2021<\/p>\n\n\n\n<p class=\"has-small-font-size\">pr\u00e9sentation du m\u00e9tier de <strong><span class=\"has-inline-color has-vivid-purple-color\">Socio-esth\u00e9ticienne<\/span><\/strong> &#8211; 2019 \u00e0 2023<\/p>\n\n\n\n<p class=\"has-small-font-size\"><strong><span class=\"has-inline-color has-vivid-purple-color\">Socio-esth\u00e9ticienne<\/span><\/strong> lors d&rsquo;interventions ponctuelles dans diff\u00e9rentes structures pour animer des ateliers<\/p>\n\n\n\n<p class=\"has-small-font-size\"><strong><span class=\"has-inline-color has-vivid-purple-color\">Socio-esth\u00e9ticienne<\/span><\/strong> en interventions ponctuelles, en individuel et en groupe pour l&rsquo;association \u00ab\u00a0Le Go\u00e9land\u00a0\u00bb &#8211; Saint-Malo (35) en CHRS, Centre parental et CAO &#8211; novembre 2013 \u00e0 2019<\/p>\n\n\n\n<p class=\"has-small-font-size\"><strong><span class=\"has-inline-color has-vivid-purple-color\">Socio-esth\u00e9ticienne<\/span><\/strong> au domicile de patientes touch\u00e9es par un cancer, autour de Laval (53), pour l&rsquo;entreprise sociale \u00ab\u00a0l&rsquo;Effet Papillon\u00a0\u00bb &#8211; courant 2014<\/p>\n\n\n\n<p class=\"has-small-font-size\"><strong><span class=\"has-inline-color has-vivid-purple-color\">Socio-esth\u00e9ticienne<\/span><\/strong> pour des journ\u00e9es \u00ab\u00a0estime de soi\u00a0\u00bb en groupe &#8211; diff\u00e9rents Lyc\u00e9es &amp; CFA &#8211; depuis 2012<\/p>\n\n\n\n<p class=\"has-small-font-size\"><strong><span class=\"has-inline-color has-vivid-purple-color\">Socio-esth\u00e9ticienne<\/span><\/strong> lors d&rsquo;interventions ponctuelles avec l&rsquo;association \u00ab\u00a0Yadlavie\u00a0\u00bb &#8211; Rennes (35) &#8211; projet \u00ab\u00a0les Belles Combattantes\u00a0\u00bb, maquillage de femmes touch\u00e9es par un cancer et qui se font photographier ensuite &#8211; avril \u00e0 d\u00e9cembre 2017<\/p>\n\n\n\n<p class=\"has-small-font-size\"><strong><span class=\"has-inline-color has-vivid-purple-color\">Formatrice<\/span><\/strong> pour le centre de formation \u00ab\u00a0Formavenir Performances\u00a0\u00bb &#8211; ateliers sur l&rsquo;hygi\u00e8ne corporelle &#8211; Evreux (27) &amp; Rouen (76) pour un public handicap\u00e9<\/p>\n\n\n\n<p class=\"has-small-font-size\"><strong><span class=\"has-inline-color has-vivid-purple-color\">Formatrice<\/span><\/strong> pour le centre de formation &lsquo;Formavenir Performances\u00a0\u00bb &#8211; travail autour du toucher pour le personnel soignant &#8211; h\u00f4pital de Vannes (56)<\/p>\n\n\n\n<p class=\"has-small-font-size\"><strong><span class=\"has-inline-color has-vivid-purple-color\">Esth\u00e9ticienne<\/span><\/strong> depuis 1993, j&rsquo;ai exerc\u00e9 mon m\u00e9tier dans plusieurs Instituts de Beaut\u00e9 et Centre de remise en forme &#8211; durant 8 ans<\/p>\n\n\n\n<p class=\"has-small-font-size\"><span style=\"background-color:rgba(0, 0, 0, 0)\" class=\"has-inline-color has-vivid-purple-color\">2009 : formation <strong>Socio-esth\u00e9tique<\/strong> au CODES (COurs d&rsquo;ESth\u00e9tique \u00e0 option humanitaire et social) &#8211; Tours (37)<\/span><\/p>\n\n\n\n<p class=\"has-text-align-left has-vivid-purple-color has-text-color has-small-font-size\">2<span class=\"has-inline-color has-vivid-purple-color\">012 : formation <strong>Conseil en Image<\/strong> &#8211; Look Design &#8211; Rennes (35)<\/span><\/p>\n\n\n\n<p class=\"has-text-align-left has-small-font-size\"><span style=\"background-color:rgba(0, 0, 0, 0)\" class=\"has-inline-color has-vivid-purple-color\">2016 : formation <strong>Formateur<\/strong> &#8211; Zen Pro &#8211; Rennes (35)<\/span><\/p>\n\n\n\n<p class=\"has-text-align-left has-small-font-size\"><span style=\"background-color:rgba(0, 0, 0, 0)\" class=\"has-inline-color has-vivid-purple-color\">2017 : formation <strong>Nursing touch<\/strong> &#8211; EIBE Ecole Internationale de Sant\u00e9 Bien-\u00eatre &#8211; Nantes (44)<\/span><\/p>\n\n\n\n<p class=\"has-text-align-left has-small-font-size\"><span style=\"background-color:rgba(0, 0, 0, 0)\" class=\"has-inline-color has-vivid-purple-color\">2017 &amp; 2018 : formation <strong>Conseil en Image<\/strong> adapt\u00e9 au m\u00e9tier de Socio-esth\u00e9ticienne<\/span><\/p>\n\n\n\n<figure class=\"wp-block-image size-large is-style-rounded\"><img fetchpriority=\"high\" decoding=\"async\" width=\"2000\" height=\"1600\" src=\"http:\/\/socio-estheticienne35.com\/wp-content\/uploads\/2021\/02\/e-10.jpg\" alt=\"\" class=\"wp-image-61\"\/><\/figure>\n","protected":false},"excerpt":{"rendered":"<p>Socio-esth\u00e9ticienne j&rsquo;exerce sur Rennes (35) et les alentours Socio-esth\u00e9ticienne ponctuellement pour la PROXILIGUE (35), la &hellip; <\/p>\n","protected":false},"author":1,"featured_media":0,"comment_status":"closed","ping_status":"closed","sticky":true,"template":"","format":"standard","meta":{"footnotes":""},"categories":[1],"tags":[],"_links":{"self":[{"href":"http:\/\/socio-estheticienne35.com\/index.php\/wp-json\/wp\/v2\/posts\/15"}],"collection":[{"href":"http:\/\/socio-estheticienne35.com\/index.php\/wp-json\/wp\/v2\/posts"}],"about":[{"href":"http:\/\/socio-estheticienne35.com\/index.php\/wp-json\/wp\/v2\/types\/post"}],"author":[{"embeddable":true,"href":"http:\/\/socio-estheticienne35.com\/index.php\/wp-json\/wp\/v2\/users\/1"}],"replies":[{"embeddable":true,"href":"http:\/\/socio-estheticienne35.com\/index.php\/wp-json\/wp\/v2\/comments?post=15"}],"version-history":[{"count":20,"href":"http:\/\/socio-estheticienne35.com\/index.php\/wp-json\/wp\/v2\/posts\/15\/revisions"}],"predecessor-version":[{"id":579,"href":"http:\/\/socio-estheticienne35.com\/index.php\/wp-json\/wp\/v2\/posts\/15\/revisions\/579"}],"wp:attachment":[{"href":"http:\/\/socio-estheticienne35.com\/index.php\/wp-json\/wp\/v2\/media?parent=15"}],"wp:term":[{"taxonomy":"category","embeddable":true,"href":"http:\/\/socio-estheticienne35.com\/index.php\/wp-json\/wp\/v2\/categories?post=15"},{"taxonomy":"post_tag","embeddable":true,"href":"http:\/\/socio-estheticienne35.com\/index.php\/wp-json\/wp\/v2\/tags?post=15"}],"curies":[{"name":"wp","href":"https:\/\/api.w.org\/{rel}","templated":true}]}}